{"id":182,"count":1,"description":"","link":"https:\/\/iplantprotect.pt\/en\/tag\/refletir-sobre-o-passado-e-o-futuro-da-avaliacao-e-acreditacao-do-ensino-superior-em-portugal\/","name":"&quot;Refletir sobre o passado e o futuro da avalia\u00e7\u00e3o e acredita\u00e7\u00e3o do ensino superior em Portugal&quot;","slug":"refletir-sobre-o-passado-e-o-futuro-da-avaliacao-e-acreditacao-do-ensino-superior-em-portugal","taxonomy":"post_tag","meta":[],"_links":{"self":[{"href":"https:\/\/iplantprotect.pt\/en\/wp-json\/wp\/v2\/tags\/182","targetHints":{"allow":["GET"]}}],"collection":[{"href":"https:\/\/iplantprotect.pt\/en\/wp-json\/wp\/v2\/tags"}],"about":[{"href":"https:\/\/iplantprotect.pt\/en\/wp-json\/wp\/v2\/taxonomies\/post_tag"}],"wp:post_type":[{"href":"https:\/\/iplantprotect.pt\/en\/wp-json\/wp\/v2\/posts?tags=182"},{"href":"https:\/\/iplantprotect.pt\/en\/wp-json\/wp\/v2\/eventos?tags=182"},{"href":"https:\/\/iplantprotect.pt\/en\/wp-json\/wp\/v2\/notcias?tags=182"}],"curies":[{"name":"wp","href":"https:\/\/api.w.org\/{rel}","templated":true}]}}